{"id":28049,"date":"2023-10-27T14:19:37","date_gmt":"2023-10-27T12:19:37","guid":{"rendered":"https:\/\/founderz.com\/blog\/?p=1929"},"modified":"2025-12-10T13:18:34","modified_gmt":"2025-12-10T12:18:34","slug":"ia-webinar-amanecer-hype","status":"publish","type":"post","link":"https:\/\/founderz.com\/es\/blog\/ia-webinar-amanecer-hype\/","title":{"rendered":"Celebramos nuestro webinar \u201cEl Amanecer de la IA, m\u00e1s all\u00e1 del Hype\u201d"},"content":{"rendered":"<div id=\"bsf_rt_marker\"><\/div>\n<p>El pasado 26 de octubre tuvo lugar nuestro webinar <strong>\u201cEl Amanecer de la IA, m\u00e1s all\u00e1 del Hype\u201d,<\/strong> un espacio dise\u00f1ado para <strong>desentra\u00f1ar los mitos y explorar las aplicaciones pr\u00e1cticas<\/strong> de la <strong>Inteligencia Artificial<\/strong> (IA) en el <strong>\u00e1mbito profesional.<\/strong><\/p>\n\n\n\n<p>Moderado por nuestro CEO y co-fundador, <strong>Pau Garcia-Mil\u00e0<\/strong>, el evento cont\u00f3 con la participaci\u00f3n de los siguientes ponentes:<\/p>\n\n\n\n<ul class=\"wp-block-list\">\n<li><strong>Amel Fern\u00e1ndez<\/strong>, ChatGPT Prompt Designer en QDQ Media, especialista en ChatGPT y marketing en redes sociales.<\/li>\n\n\n\n<li><strong>Eduvigis Ortiz<\/strong>, Strategic Alliances Leader SAS, Presidenta y fundadora de Wome4Cyber Spain.<\/li>\n\n\n\n<li><strong>Xavier Mitjana<\/strong>, consultor y divulgador en aplicaciones pr\u00e1cticas de la IA.<\/li>\n\n\n\n<li><strong>Silvia Leal<\/strong>, divulgadora cient\u00edfica y tecnol\u00f3gica.<\/li>\n<\/ul>\n\n\n\n<div class=\"wp-block-buttons is-content-justification-center is-layout-flex wp-container-core-buttons-is-layout-16018d1d wp-block-buttons-is-layout-flex\">\n<div class=\"wp-block-button\"><a class=\"wp-block-button__link has-background wp-element-button\" href=\"https:\/\/founderz.com\/es\/programa\/master-inteligencia-artificial-online\" style=\"background-color:#6250f1\" target=\"_blank\" rel=\"noreferrer noopener\">M\u00e1ster Online en Inteligencia Artificial con Microsoft<\/a><\/div>\n<\/div>\n\n\n\n<figure class=\"wp-block-embed is-type-video is-provider-youtube wp-block-embed-youtube wp-embed-aspect-16-9 wp-has-aspect-ratio\"><div class=\"wp-block-embed__wrapper\">\n<iframe loading=\"lazy\" title=\"Founderz TalkZ | El amanecer de la IA, m\u00e1s all\u00e1 del hype\" width=\"500\" height=\"281\" src=\"https:\/\/www.youtube.com\/embed\/NUCs9OMZFeM?feature=oembed\" frameborder=\"0\" allow=\"accelerometer; autoplay; clipboard-write; encrypted-media; gyroscope; picture-in-picture; web-share\" referrerpolicy=\"strict-origin-when-cross-origin\" allowfullscreen><\/iframe>\n<\/div><\/figure>\n\n\n\n<h2 class=\"wp-block-heading\">Desmitificando la IA y descubriendo sus aplicaciones pr\u00e1cticas<\/h2>\n\n\n\n<p>La sesi\u00f3n se inici\u00f3 con una breve introducci\u00f3n de los ponentes por parte de Pau, seguido de una din\u00e1mica en la que se abordaron temas como <strong>los falsos mitos de la IA, sus aplicaciones pr\u00e1cticas y el futuro de esta tecnolog\u00eda.<\/strong><\/p>\n\n\n\n<p>Por una parte, Amel Fern\u00e1ndez destac\u00f3 que \u00abno vamos a ser reemplazados por ChatGPT sino por un humano que sepa usar ChatGPT\u00bb, enfatizando la <strong>importancia de la adaptaci\u00f3n de las personas a estas nuevas herramientas.<\/strong><\/p>\n\n\n\n<p>Por otro lado, Eduvigis Ortiz resalt\u00f3 c\u00f3mo la IA ha estado con nosotros durante muchos a\u00f1os, pero lo que ha cambiado es su capacidad de procesamiento y <strong>la posibilidad de incorporar estas herramientas en el d\u00eda a d\u00eda.<\/strong><\/p>\n\n\n\n<p>En la secci\u00f3n sobre aplicaciones pr\u00e1cticas, los expertos compartieron c\u00f3mo utilizan la IA en su vida profesional y personal, desde la <strong>generaci\u00f3n de informes<\/strong> hasta el <strong>an\u00e1lisis de sentimientos<\/strong> en diferentes sectores.<\/p>\n\n\n\n<p>En este sentido, tambi\u00e9n pudimos ver las ventajas de nuestro <a href=\"https:\/\/founderz.com\/es\/programa\/productividad-con-copilot\/\" data-type=\"link\" data-id=\"https:\/\/founderz.com\/es\/programa\/productividad-con-copilot\/\">Curso Online de Copilot<\/a>, una formaci\u00f3n permite a los profesionales <strong>adentrarse en el uso de esta herramienta para optimizar procesos y aumentar su productividad.<\/strong><\/p>\n\n\n\n<p>Para Pau, este programa no solo proporciona herramientas pr\u00e1cticas, sino que tambi\u00e9n <strong>abre una ventana a la comprensi\u00f3n y aprovechamiento de la IA en el \u00e1mbito profesional<\/strong>, preparando a los participantes para un mercado laboral cada vez m\u00e1s orientado hacia estas tecnolog\u00edas.<\/p>\n\n\n\n<p>As\u00ed, esta parte del evento sirvi\u00f3 para proporcionar una visi\u00f3n clara de <strong>c\u00f3mo la IA puede ser aprovechada para mejorar la eficiencia en muchos procesos<\/strong> y c\u00f3mo est\u00e1 comenzando a <strong>ser accesible para organizaciones de todos los tama\u00f1os.<\/strong><\/p>\n\n\n\n<h2 class=\"wp-block-heading\">El futuro de la IA en todos los \u00e1mbitos profesionales<\/h2>\n\n\n\n<p>Al abordar el futuro de la IA, los ponentes discutieron los <strong>desaf\u00edos \u00e9ticos, la importancia de la regulaci\u00f3n<\/strong> y c\u00f3mo la IA puede i<strong>nfluir en la educaci\u00f3n y formaci\u00f3n de las futuras generaciones.<\/strong><\/p>\n\n\n\n<p>En opini\u00f3n de Silvia Leal, es necesaria \u201c<strong>una mayor transparencia en los algoritmos\u201d<\/strong> y destac\u00f3 <strong>c\u00f3mo la regulaci\u00f3n puede ayudar a abordar desaf\u00edos \u00e9ticos<\/strong>, como la p<strong>ublicidad dirigida a menores o la propagaci\u00f3n de informaci\u00f3n falsa<\/strong>.<\/p>\n\n\n\n<blockquote class=\"wp-block-quote is-layout-flow wp-block-quote-is-layout-flow\">\n<p>La IA tiene un gen diferenciador que afecta a muchas personas: con ella, somos nosotros y no un robot los que podemos hacer mucho m\u00e1s. <\/p>\n<cite>Pau Garcia-Mil\u00e0, CEO y co-fundador de Founderz<\/cite><\/blockquote>\n\n\n\n<p>Adem\u00e1s y respecto a la educaci\u00f3n, se discuti\u00f3 c\u00f3mo la IA puede <strong>proporcionar clases personalizadas y apoyar a los educadores<\/strong> y por qu\u00e9 el <a href=\"https:\/\/founderz.com\/es\/programa\/master-inteligencia-artificial-online\" target=\"_blank\" rel=\"noreferrer noopener\">M\u00e1ster Online en IA e Innovaci\u00f3n en colaboraci\u00f3n con Microsoft<\/a> es un paso m\u00e1s all\u00e1 en la formaci\u00f3n de los profesionales <strong>en un contexto en el que la IA est\u00e1 cada vez m\u00e1s en tendencia.<\/strong><\/p>\n\n\n\n<p>Como conclusi\u00f3n, este webinar no solo proporcion\u00f3 <strong>una plataforma para discutir los mitos y realidades de la IA<\/strong>, sino que tambi\u00e9n ofreci\u00f3 una oportunidad para que los profesionales puedan aprender <strong>c\u00f3mo incorporar esta tecnolog\u00eda en sus respectivos campos<\/strong>, prepar\u00e1ndose as\u00ed para <strong>un futuro donde la IA tendr\u00e1 un papel protagonista.<\/strong><\/p>\n\n\n\n<h2 class=\"wp-block-heading\">\u00bfPreparado para unirte a la revoluci\u00f3n de la IA? \u00a1Descubre nuestro M\u00e1ster Online en IA e Innovaci\u00f3n!<\/h2>\n\n\n\n<p>Si disfrutaste del webinar y est\u00e1s listo para llevar tu carrera un paso m\u00e1s all\u00e1, \u00a1apuesta por nuestro <a href=\"https:\/\/founderz.com\/es\/programa\/master-inteligencia-artificial-online\" target=\"_blank\" rel=\"noreferrer noopener\">M\u00e1ster Online en Inteligencia Artificial e Innovaci\u00f3n<\/a> en colaboraci\u00f3n con Microsoft!<\/p>\n\n\n\n<p>Este programa no solo profundiza en los conceptos discutidos durante el webinar, sino que tambi\u00e9n te proporciona <strong>habilidades pr\u00e1cticas esenciales<\/strong> para <strong>dominar estas nuevas herramientas.<\/strong> \u00a1No esperes m\u00e1s y <strong>transforma ya tu trayectoria profesional!<\/strong><\/p>\n\n\n\n<div class=\"wp-block-buttons is-content-justification-center is-layout-flex wp-container-core-buttons-is-layout-16018d1d wp-block-buttons-is-layout-flex\">\n<div class=\"wp-block-button\"><a class=\"wp-block-button__link has-background wp-element-button\" href=\"https:\/\/founderz.com\/es\/programa\/master-inteligencia-artificial-online\" style=\"background-color:#6250f1\" target=\"_blank\" rel=\"noreferrer noopener\">M\u00e1ster Online en Inteligencia Artificial con Microsoft<\/a><\/div>\n<\/div>\n","protected":false},"excerpt":{"rendered":"<p>El pasado 26 de octubre tuvo lugar nuestro webinar \u201cEl Amanecer de la IA, m\u00e1s all\u00e1 del Hype\u201d, un espacio dise\u00f1ado para desentra\u00f1ar los mitos y explorar las aplicaciones pr\u00e1cticas de la Inteligencia Artificial (IA) en el \u00e1mbito profesional. Moderado por nuestro CEO y co-fundador, Pau Garcia-Mil\u00e0, el evento cont\u00f3 con la participaci\u00f3n de los [&hellip;]<\/p>\n","protected":false},"author":31,"featured_media":39541,"comment_status":"closed","ping_status":"closed","sticky":false,"template":"","format":"standard","meta":{"_acf_changed":false,"inline_featured_image":false,"footnotes":""},"categories":[386],"tags":[],"team_owner":[],"class_list":["post-28049","post","type-post","status-publish","format-standard","has-post-thumbnail","hentry","category-ultimas-noticias"],"acf":[],"_links":{"self":[{"href":"https:\/\/founderz.com\/es\/wp-json\/wp\/v2\/posts\/28049","targetHints":{"allow":["GET"]}}],"collection":[{"href":"https:\/\/founderz.com\/es\/wp-json\/wp\/v2\/posts"}],"about":[{"href":"https:\/\/founderz.com\/es\/wp-json\/wp\/v2\/types\/post"}],"author":[{"embeddable":true,"href":"https:\/\/founderz.com\/es\/wp-json\/wp\/v2\/users\/31"}],"replies":[{"embeddable":true,"href":"https:\/\/founderz.com\/es\/wp-json\/wp\/v2\/comments?post=28049"}],"version-history":[{"count":0,"href":"https:\/\/founderz.com\/es\/wp-json\/wp\/v2\/posts\/28049\/revisions"}],"wp:featuredmedia":[{"embeddable":true,"href":"https:\/\/founderz.com\/es\/wp-json\/wp\/v2\/media\/39541"}],"wp:attachment":[{"href":"https:\/\/founderz.com\/es\/wp-json\/wp\/v2\/media?parent=28049"}],"wp:term":[{"taxonomy":"category","embeddable":true,"href":"https:\/\/founderz.com\/es\/wp-json\/wp\/v2\/categories?post=28049"},{"taxonomy":"post_tag","embeddable":true,"href":"https:\/\/founderz.com\/es\/wp-json\/wp\/v2\/tags?post=28049"},{"taxonomy":"team_owner","embeddable":true,"href":"https:\/\/founderz.com\/es\/wp-json\/wp\/v2\/team_owner?post=28049"}],"curies":[{"name":"wp","href":"https:\/\/api.w.org\/{rel}","templated":true}]}}